{"id":110,"date":"2015-11-01T14:51:57","date_gmt":"2015-11-01T13:51:57","guid":{"rendered":"http:\/\/blog.dataeraser.es\/?p=110"},"modified":"2024-07-02T14:07:36","modified_gmt":"2024-07-02T12:07:36","slug":"la-cifra-del-reciclaje-en-espana","status":"publish","type":"post","link":"https:\/\/dataeraser.es\/blog\/la-cifra-del-reciclaje-en-espana\/","title":{"rendered":"La cifra del reciclaje en Espa\u00f1a"},"content":{"rendered":"<p style=\"text-align: center;\"><a href=\"http:\/\/dataeraser.es\/blog\/wp-content\/uploads\/2012\/04\/dia-mundial-del-reciclaje.jpg\"><img loading=\"lazy\" decoding=\"async\" class=\"size-full wp-image-111  aligncenter\" style=\"margin-top: 10px; margin-bottom: 10px; border: 10px solid black;\" title=\"reciclaje en Espa\u00f1a\" src=\"\/\/dataeraser.es\/blog\/wp-content\/uploads\/2012\/04\/dia-mundial-del-reciclaje.jpg\" alt=\"reciclaje en Espa\u00f1a\" width=\"426\" height=\"300\" \/><\/a><\/p>\n<p><strong>La cifra del reciclaje en Espa\u00f1a<\/strong><\/p>\n<p>En Espa\u00f1a, seg\u00fan los resultados del nuevo informe de Ecoembes, 88% de los mayores de 45 a\u00f1os declaran<a title=\"Reciclaje de envases\" href=\"https:\/\/tecnoeraser.es\/servicios-gestion-residuos\" target=\"_blank\" rel=\"noopener\"><strong> reciclar los envases <\/strong><\/a>y depositarlos en el contenedor apropiado (de color amarillo). Para los espa\u00f1oles de 35-44 a\u00f1os, el 84% aseguran reciclar los envases ligeros mientras el 78% de los menores de 34 a\u00f1os participan en esta tarea.<\/p>\n<p>En cuanto a la diferencia entre el <strong>reciclaje de pl\u00e1stico <\/strong>y el <strong>reciclaje de cart\u00f3n<\/strong>, el estudio de Ecoembes revela que, por lo general, los espa\u00f1oles reciclan tanto uno como el otro ya que el 84% asegura separar los envases ligeros y el 83% los cartones y papeles.<\/p>\n<p>Las motivaciones que llevan <strong>los espa\u00f1oles a reciclar <\/strong>son por el 63% la voluntad de conseguir<strong> proteger el medio ambiente<\/strong> y vivir en un <strong>entorno m\u00e1s sostenible<\/strong> y por el 23% las ganas de<strong> facilitar el reciclaje de los envases<\/strong> para que encuentren una segunda vida.<\/p>\n<p>La personas que admiten no reciclar nunca lo justifican por falta de espacio (el 25%), porque el contenedor est\u00e1 demasiado lejos de su casa (el 20%), porque indican que no hay recogida para estos residuos (11%) o simplemente por falta de tiempo (10%).<\/p>\n<p><strong>La tarea del reciclaje<\/strong> se ha vuelto m\u00e1s familiar que nunca a pesar de que el 58% de los entrevistados conceden que la mujer de casa es la principal persona que recicla. Esta cifra sigue estando por debajo de la de 2010.<\/p>\n<p>En definitiva, el informe destaca que cada vez hay m\u00e1s espa\u00f1oles concienciados por el <strong>reciclaje y la protecci\u00f3n del medio ambiente<\/strong>. Las empresas quedan por debajo de esta conciencia ecol\u00f3gica y tienen que instalar unos puntos limpios en sus lugares de trabajo.<\/p>\n","protected":false},"excerpt":{"rendered":"<p>La cifra del reciclaje en Espa\u00f1a En Espa\u00f1a, seg\u00fan los resultados del nuevo informe de Ecoembes, 88% de los mayores de 45 a\u00f1os declaran reciclar los envases y depositarlos en el contenedor apropiado (de color amarillo). Para los espa\u00f1oles de 35-44 a\u00f1os, el 84% aseguran reciclar los envases ligeros mientras el 78% de los menores &#8230; <a title=\"La cifra del reciclaje en Espa\u00f1a\" class=\"read-more\" href=\"https:\/\/dataeraser.es\/blog\/la-cifra-del-reciclaje-en-espana\/\" aria-label=\"Leer m\u00e1s sobre La cifra del reciclaje en Espa\u00f1a\">Leer m\u00e1s<\/a><\/p>\n","protected":false},"author":1,"featured_media":0,"comment_status":"open","ping_status":"open","sticky":false,"template":"","format":"standard","meta":{"footnotes":""},"categories":[48],"tags":[44],"class_list":["post-110","post","type-post","status-publish","format-standard","hentry","category-reciclaje-papel-carton","tag-reciclaje-de-papel-y-carton"],"_links":{"self":[{"href":"https:\/\/dataeraser.es\/blog\/wp-json\/wp\/v2\/posts\/110","targetHints":{"allow":["GET"]}}],"collection":[{"href":"https:\/\/dataeraser.es\/blog\/wp-json\/wp\/v2\/posts"}],"about":[{"href":"https:\/\/dataeraser.es\/blog\/wp-json\/wp\/v2\/types\/post"}],"author":[{"embeddable":true,"href":"https:\/\/dataeraser.es\/blog\/wp-json\/wp\/v2\/users\/1"}],"replies":[{"embeddable":true,"href":"https:\/\/dataeraser.es\/blog\/wp-json\/wp\/v2\/comments?post=110"}],"version-history":[{"count":19,"href":"https:\/\/dataeraser.es\/blog\/wp-json\/wp\/v2\/posts\/110\/revisions"}],"predecessor-version":[{"id":3117,"href":"https:\/\/dataeraser.es\/blog\/wp-json\/wp\/v2\/posts\/110\/revisions\/3117"}],"wp:attachment":[{"href":"https:\/\/dataeraser.es\/blog\/wp-json\/wp\/v2\/media?parent=110"}],"wp:term":[{"taxonomy":"category","embeddable":true,"href":"https:\/\/dataeraser.es\/blog\/wp-json\/wp\/v2\/categories?post=110"},{"taxonomy":"post_tag","embeddable":true,"href":"https:\/\/dataeraser.es\/blog\/wp-json\/wp\/v2\/tags?post=110"}],"curies":[{"name":"wp","href":"https:\/\/api.w.org\/{rel}","templated":true}]}}