{"id":246,"date":"2012-08-17T15:03:48","date_gmt":"2012-08-17T13:03:48","guid":{"rendered":"http:\/\/dataeraser.es\/blog\/?p=246"},"modified":"2014-02-11T18:20:13","modified_gmt":"2014-02-11T17:20:13","slug":"la-recogida-de-carton-en-valencia-cae-por-los-hurtos","status":"publish","type":"post","link":"https:\/\/dataeraser.es\/blog\/la-recogida-de-carton-en-valencia-cae-por-los-hurtos\/","title":{"rendered":"La recogida de cart\u00f3n en Valencia cae por los hurtos"},"content":{"rendered":"<p style=\"text-align: justify;\"><a href=\"http:\/\/dataeraser.es\/blog\/wp-content\/uploads\/2012\/08\/Recogida-de-carton.jpg\"><img loading=\"lazy\" decoding=\"async\" class=\"aligncenter size-full wp-image-249\" title=\"Recogida de cart\u00f3n\" src=\"\/\/dataeraser.es\/blog\/wp-content\/uploads\/2012\/08\/Recogida-de-carton.jpg\" alt=\"Recogida de cart\u00f3n\" width=\"450\" height=\"281\" \/><\/a><\/p>\n<p style=\"text-align: justify;\">La <strong>recogida de cart\u00f3n<\/strong> es una de las \u00e1reas del <strong>reciclaje de residuos<\/strong> m\u00e1s afectada por los hurtos. Hace un par de meses <a title=\"Recogida de cart\u00f3n cae por hurtos\" href=\"http:\/\/dataeraser.es\/blog\/recogida-de-carton-en-caida-por-los-hurtos\/\" target=\"_blank\">dimos la noticia del fen\u00f3meno en Valencia<\/a> y hoy tenemos nuevos datos que lo confirman, datos que permiten hablar de todo un saqueo de contenedores de papel y cart\u00f3n.<\/p>\n<p style=\"text-align: justify;\">Por culpa de los hurtos en dichos contenedores, <strong>se dejaron de reciclar 3500 toneladas en 2011 respecto a 2010<\/strong>. Eso supone una <strong>disminuci\u00f3n del 24%<\/strong>, a pesar de que la ciudadan\u00eda cada vez realiza la <strong>separaci\u00f3n de residuos<\/strong> de forma m\u00e1s numerosa y mejor. Ha sido la propia concejal\u00eda de medio ambiente la que asegura que la ca\u00edda es \u00abconsecuencia de la proliferaci\u00f3n de hurtos\u00bb.<\/p>\n<p style=\"text-align: justify;\">La p\u00e9rdida de cantidades tan importantes para el <strong>reciclaje de papel y cart\u00f3n<\/strong> es muy grave para la sostenibilidad, pero adem\u00e1s acarrea importantes p\u00e9rdidas econ\u00f3micas. El precio que se paga por el papel y el cart\u00f3n reciclado cada vez es mayor, lo que provoca que los ayuntamientos reciban fuertes ganancias por su reciclaje. Pero tambi\u00e9n es parte del problema, ya que en un ambiente de crisis econ\u00f3mica su robo es muy lucrativo.<\/p>\n<p style=\"text-align: justify;\">Todos estos datos se suman por tanto a lo que venimos comentando los \u00faltimos meses en los blogs de <a title=\"Dataeraser, reciclaje de papel\" href=\"http:\/\/dataeraser.es\/blog\/\" target=\"_blank\"><strong>Dataeraser<\/strong><\/a> y <a title=\"Tecnoeraser, gesti\u00f3n de residuos\" href=\"http:\/\/dataeraser.es\/blog\/\" target=\"_blank\"><strong>Tecnoeraser<\/strong><\/a>. La crisis est\u00e1 afectando de forma grave a la <strong>gesti\u00f3n de residuos<\/strong> y ser\u00e1 importante mantener la <strong>conciencia ciudadana con el reciclaje y medio ambiente<\/strong> para que las actuales dificultades no rompan una cadena tan importante.<\/p>\n","protected":false},"excerpt":{"rendered":"<p>La recogida de cart\u00f3n es una de las \u00e1reas del reciclaje de residuos m\u00e1s afectada por los hurtos. Hace un par de meses dimos la noticia del fen\u00f3meno en Valencia y hoy tenemos nuevos datos que lo confirman, datos que permiten hablar de todo un saqueo de contenedores de papel y cart\u00f3n. Por culpa de &#8230; <a title=\"La recogida de cart\u00f3n en Valencia cae por los hurtos\" class=\"read-more\" href=\"https:\/\/dataeraser.es\/blog\/la-recogida-de-carton-en-valencia-cae-por-los-hurtos\/\" aria-label=\"Leer m\u00e1s sobre La recogida de cart\u00f3n en Valencia cae por los hurtos\">Leer m\u00e1s<\/a><\/p>\n","protected":false},"author":1,"featured_media":0,"comment_status":"open","ping_status":"open","sticky":false,"template":"","format":"standard","meta":{"footnotes":""},"categories":[48],"tags":[],"class_list":["post-246","post","type-post","status-publish","format-standard","hentry","category-reciclaje-papel-carton"],"_links":{"self":[{"href":"https:\/\/dataeraser.es\/blog\/wp-json\/wp\/v2\/posts\/246","targetHints":{"allow":["GET"]}}],"collection":[{"href":"https:\/\/dataeraser.es\/blog\/wp-json\/wp\/v2\/posts"}],"about":[{"href":"https:\/\/dataeraser.es\/blog\/wp-json\/wp\/v2\/types\/post"}],"author":[{"embeddable":true,"href":"https:\/\/dataeraser.es\/blog\/wp-json\/wp\/v2\/users\/1"}],"replies":[{"embeddable":true,"href":"https:\/\/dataeraser.es\/blog\/wp-json\/wp\/v2\/comments?post=246"}],"version-history":[{"count":13,"href":"https:\/\/dataeraser.es\/blog\/wp-json\/wp\/v2\/posts\/246\/revisions"}],"predecessor-version":[{"id":1402,"href":"https:\/\/dataeraser.es\/blog\/wp-json\/wp\/v2\/posts\/246\/revisions\/1402"}],"wp:attachment":[{"href":"https:\/\/dataeraser.es\/blog\/wp-json\/wp\/v2\/media?parent=246"}],"wp:term":[{"taxonomy":"category","embeddable":true,"href":"https:\/\/dataeraser.es\/blog\/wp-json\/wp\/v2\/categories?post=246"},{"taxonomy":"post_tag","embeddable":true,"href":"https:\/\/dataeraser.es\/blog\/wp-json\/wp\/v2\/tags?post=246"}],"curies":[{"name":"wp","href":"https:\/\/api.w.org\/{rel}","templated":true}]}}