{"id":259,"date":"2012-08-30T16:08:20","date_gmt":"2012-08-30T14:08:20","guid":{"rendered":"http:\/\/dataeraser.es\/blog\/?p=259"},"modified":"2014-10-02T18:28:04","modified_gmt":"2014-10-02T16:28:04","slug":"recogida-de-papel-y-carton-crisis-hurtos-concienciacion","status":"publish","type":"post","link":"https:\/\/dataeraser.es\/blog\/recogida-de-papel-y-carton-crisis-hurtos-concienciacion\/","title":{"rendered":"Recogida de papel y cart\u00f3n, crisis, hurtos&#8230; y concienciaci\u00f3n"},"content":{"rendered":"<p style=\"text-align: justify;\"><a title=\"Recogida de papel\" href=\"http:\/\/dataeraser.es\/blog\/wp-content\/uploads\/2012\/08\/recogida-de-papel-y-carton-crisis-hurtos-concienciacion.jpg\"><img loading=\"lazy\" decoding=\"async\" class=\"aligncenter size-full wp-image-260\" title=\"Recogida de papel y cart\u00f3n, crisis, hurtos... y concienciaci\u00f3n\" src=\"\/\/dataeraser.es\/blog\/wp-content\/uploads\/2012\/08\/recogida-de-papel-y-carton-crisis-hurtos-concienciacion.jpg\" alt=\"Recogida de papel y cart\u00f3n, crisis, hurtos... y concienciaci\u00f3n\" width=\"450\" height=\"426\" srcset=\"https:\/\/dataeraser.es\/blog\/wp-content\/uploads\/2012\/08\/recogida-de-papel-y-carton-crisis-hurtos-concienciacion.jpg 450w, https:\/\/dataeraser.es\/blog\/wp-content\/uploads\/2012\/08\/recogida-de-papel-y-carton-crisis-hurtos-concienciacion-300x284.jpg 300w\" sizes=\"auto, (max-width: 450px) 100vw, 450px\" \/><\/a><\/p>\n<h2 style=\"text-align: justify;\"><a title=\"destrucci\u00f3n de documentos\" href=\"http:\/\/dataeraser.es\" target=\"_blank\">En\u00a0<strong>Dataeraser, recogida de papel, destrucci\u00f3n de documentos\u00a0y reciclaje.<\/strong><\/a><\/h2>\n<p style=\"text-align: justify;\">Volvemos a centrarnos esta semana en datos que indican el aumento en la <strong>recogida de papel y cart\u00f3n<\/strong>. Y el aumento, tambi\u00e9n, de los hurtos. Mientras que la recogida crece en un 2% a nivel global, se constata cada vez un mayor \u00edndice de robos.<\/p>\n<p style=\"text-align: justify;\">No hay datos cient\u00edficos de este incremento, pero un buen indicador es que a pesar de ese 2% respecto a 2010, la recogida municipal ha bajado en un 8,5%. Los expertos se\u00f1alan que esta diferencia est\u00e1 provocada inequ\u00edvocamente por los robos en los contenedores azules. Los \u00edndices aumentan, de hecho, seg\u00fan crece la poblaci\u00f3n, hasta un 24% en las mayores de medio mill\u00f3n de habitantes.<\/p>\n<p style=\"text-align: justify;\">Dependiendo de las comunidades aut\u00f3nomas, tambi\u00e9n var\u00edan los datos. Como viene siendo habitual los \u00faltimos a\u00f1os, es en Euskadi, Navarra y Baleares donde m\u00e1s se realiza la <strong>recogida de papel y cart\u00f3n<\/strong>. Es la \u00faltima la que m\u00e1s crece respecto a 2010 con un 8% m\u00e1s.<\/p>\n<p style=\"text-align: justify;\">Los expertos consideran que, a pesar de todo, la concienciaci\u00f3n ciudadana es cada vez mayor. Si se tiene en cuenta el gran descenso en el consumo de peri\u00f3dicos, revistas y papel en general, adem\u00e1s de los hurtos, la cantidad de <strong>reciclaje de papel y cart\u00f3n<\/strong> es cada vez m\u00e1s alta.<\/p>\n","protected":false},"excerpt":{"rendered":"<p>En\u00a0Dataeraser, recogida de papel, destrucci\u00f3n de documentos\u00a0y reciclaje. Volvemos a centrarnos esta semana en datos que indican el aumento en la recogida de papel y cart\u00f3n. Y el aumento, tambi\u00e9n, de los hurtos. Mientras que la recogida crece en un 2% a nivel global, se constata cada vez un mayor \u00edndice de robos. No hay &#8230; <a title=\"Recogida de papel y cart\u00f3n, crisis, hurtos&#8230; y concienciaci\u00f3n\" class=\"read-more\" href=\"https:\/\/dataeraser.es\/blog\/recogida-de-papel-y-carton-crisis-hurtos-concienciacion\/\" aria-label=\"Leer m\u00e1s sobre Recogida de papel y cart\u00f3n, crisis, hurtos&#8230; y concienciaci\u00f3n\">Leer m\u00e1s<\/a><\/p>\n","protected":false},"author":1,"featured_media":0,"comment_status":"open","ping_status":"open","sticky":false,"template":"","format":"standard","meta":{"footnotes":""},"categories":[48],"tags":[],"class_list":["post-259","post","type-post","status-publish","format-standard","hentry","category-reciclaje-papel-carton"],"_links":{"self":[{"href":"https:\/\/dataeraser.es\/blog\/wp-json\/wp\/v2\/posts\/259","targetHints":{"allow":["GET"]}}],"collection":[{"href":"https:\/\/dataeraser.es\/blog\/wp-json\/wp\/v2\/posts"}],"about":[{"href":"https:\/\/dataeraser.es\/blog\/wp-json\/wp\/v2\/types\/post"}],"author":[{"embeddable":true,"href":"https:\/\/dataeraser.es\/blog\/wp-json\/wp\/v2\/users\/1"}],"replies":[{"embeddable":true,"href":"https:\/\/dataeraser.es\/blog\/wp-json\/wp\/v2\/comments?post=259"}],"version-history":[{"count":11,"href":"https:\/\/dataeraser.es\/blog\/wp-json\/wp\/v2\/posts\/259\/revisions"}],"predecessor-version":[{"id":1763,"href":"https:\/\/dataeraser.es\/blog\/wp-json\/wp\/v2\/posts\/259\/revisions\/1763"}],"wp:attachment":[{"href":"https:\/\/dataeraser.es\/blog\/wp-json\/wp\/v2\/media?parent=259"}],"wp:term":[{"taxonomy":"category","embeddable":true,"href":"https:\/\/dataeraser.es\/blog\/wp-json\/wp\/v2\/categories?post=259"},{"taxonomy":"post_tag","embeddable":true,"href":"https:\/\/dataeraser.es\/blog\/wp-json\/wp\/v2\/tags?post=259"}],"curies":[{"name":"wp","href":"https:\/\/api.w.org\/{rel}","templated":true}]}}