{"id":2858,"date":"2020-03-12T07:50:48","date_gmt":"2020-03-12T06:50:48","guid":{"rendered":"https:\/\/dataeraser.es\/blog\/?p=2858"},"modified":"2020-03-12T08:35:37","modified_gmt":"2020-03-12T07:35:37","slug":"dataeraser-obtiene-sello-huella-de-carbono","status":"publish","type":"post","link":"https:\/\/dataeraser.es\/blog\/dataeraser-obtiene-sello-huella-de-carbono\/","title":{"rendered":"Dataeraser obtiene el sello de la huella de carbono otorgado por el Ministerio de Transici\u00f3n Ecol\u00f3gica. \u00bfSabes qu\u00e9 significa este distintivo?"},"content":{"rendered":"<p><img loading=\"lazy\" decoding=\"async\" class=\"aligncenter size-full wp-image-2862\" title=\"huella-carbono-dataeraser\" src=\"https:\/\/dataeraser.es\/blog\/wp-content\/uploads\/2020\/03\/huella-carbono-dataeraser.jpg\" alt=\"huella-carbono-dataeraser\" width=\"695\" height=\"689\" srcset=\"https:\/\/dataeraser.es\/blog\/wp-content\/uploads\/2020\/03\/huella-carbono-dataeraser.jpg 695w, https:\/\/dataeraser.es\/blog\/wp-content\/uploads\/2020\/03\/huella-carbono-dataeraser-150x150.jpg 150w, https:\/\/dataeraser.es\/blog\/wp-content\/uploads\/2020\/03\/huella-carbono-dataeraser-300x297.jpg 300w\" sizes=\"auto, (max-width: 695px) 100vw, 695px\" \/><\/p>\n<p>El <strong>calentamiento global del planeta<\/strong> tiene y tendr\u00e1 una incidencia vital en nuestras vidas y en la manera de entender e interactuar con el mundo.<\/p>\n<p>Por ello es vital la concienciaci\u00f3n. Una tarea vertical que debe desempe\u00f1arse desde las entidades supranacionales, estados, empresas y organizaciones hasta llegar a cada rinc\u00f3n de los hogares.<!--more--><\/p>\n<p style=\"text-align: center;\"><span style=\"color: #6d2e4c;\"><em>El <strong>sello de la huella de carbono<\/strong> lo otorga el Ministerio para la Transici\u00f3n Ecol\u00f3gica a las empresas que se comprometen a conocer, regular, reducir y mitigar el impacto de los gases de efecto invernadero (GEI) derivados de su actividad.<\/em><\/span><\/p>\n<p>Con motivo del ingreso de <strong>Dataeraser en el Registro de la Huella de Carbono<\/strong>, compensaci\u00f3n y proyectos de absorci\u00f3n de di\u00f3xido de carbono del Ministerio, aprovechamos para contarte <strong>qu\u00e9 significa este sello<\/strong>, cu\u00e1l es su funci\u00f3n y qu\u00e9 aporta al futuro que nos espera.<\/p>\n<h2><span style=\"color: #6d2e4c;\">\u00bfQu\u00e9 es la Huella de Carbono?<\/span><\/h2>\n<p><strong>La huella de carbono es un indicador ambiental en el cu\u00e1l se refleja el porcentaje total de gases de efecto invernadero (GEI) emitidos a la atm\u00f3sfera<\/strong>, por el efecto directo o indirecto, de un individuo, producto, empresa u organizaci\u00f3n.<\/p>\n<p>Estas mediciones se realizan teniendo en cuenta las emisiones de GEI durante el periodo de un a\u00f1o y siguiendo una serie de protocolos estandarizados que depender\u00e1n de la naturaleza del objeto del c\u00e1lculo.<\/p>\n<p>Es decir, se usan protocolos diferentes atendiendo a si se trata de una empresa u organizaci\u00f3n, o se trata de un producto o servicio.<\/p>\n<h3>\u00bfC\u00f3mo se calcula la huella de carbono?<\/h3>\n<p>Las emisiones de CO2 se miden en toneladas (tCO2e) y se calculan obteniendo el resultado de multiplicar los datos de consumo por los factores de emisi\u00f3n.<\/p>\n<p>Todas las metodolog\u00edas de c\u00e1lculo est\u00e1n basadas sobre los principios de integridad, exactitud y transparencia<\/p>\n<h2><span style=\"color: #6d2e4c;\">\u00bfEs importante para las empresas el sello de la huella de carbono del Ministerio de Transici\u00f3n Ecol\u00f3gica?<\/span><\/h2>\n<p><img loading=\"lazy\" decoding=\"async\" class=\"aligncenter size-full wp-image-2863\" title=\"emisiones-contaminantes-gei\" src=\"https:\/\/dataeraser.es\/blog\/wp-content\/uploads\/2020\/03\/emisiones-contaminantes-gei.jpg\" alt=\"emisiones-contaminantes-gei\" width=\"960\" height=\"635\" srcset=\"https:\/\/dataeraser.es\/blog\/wp-content\/uploads\/2020\/03\/emisiones-contaminantes-gei.jpg 960w, https:\/\/dataeraser.es\/blog\/wp-content\/uploads\/2020\/03\/emisiones-contaminantes-gei-300x198.jpg 300w\" sizes=\"auto, (max-width: 960px) 100vw, 960px\" \/><\/p>\n<p>Si piensas que es importante conocer las emisiones de GEI fruto de la actividad empresarial, adquirir el compromiso de reducirlas y poner en marcha proyectos destinados a la absorci\u00f3n de dichas emisiones, la respuesta est\u00e1 clara. S\u00ed.<\/p>\n<p>En Dataeraser pensamos lo mismo y por eso decidimos ponernos manos a la obra e iniciar el camino para obtener el <strong>certificado de la huella de carbono en el alcance 1+2.<\/strong><\/p>\n<p><strong>Decidimos lograr el sello por un doble objetivo:<\/strong><\/p>\n<ol>\n<li>Obtener un distintivo que refleje el c<strong>ompromiso y esfuerzo de la empresa por el medio ambiente<\/strong> y el impacto que tiene nuestra actividad en el planeta.<\/li>\n<li>Ser un <strong>eslab\u00f3n activo en la cadena por la batalla contra el cambio clim\u00e1tico<\/strong> y la emisi\u00f3n de gases de efecto invernadero.<\/li>\n<\/ol>\n<p style=\"text-align: center;\"><span style=\"color: #6d2e4c;\"><em><strong>El Registro de la huella de carbono<\/strong>, creado el 14 de marzo de 2014 por medio del Real Decreto 163\/2014, <strong>recoge los esfuerzos de las empresas por controlar y reducir las emisiones de CO2<\/strong>.<\/em><\/span><\/p>\n<p>Sin embargo, va un paso m\u00e1s all\u00e1 alentando a las organizaciones a iniciar proyectos de forestaci\u00f3n que mitiguen los efectos de los GEI y obtener beneficios ambientales y sociales.<\/p>\n<blockquote>\n<p style=\"text-align: right;\"><strong>Te interesa:\u00a0<\/strong><\/p>\n<p style=\"text-align: right;\"><a title=\"Empresa responsable con medio ambiente\" href=\"https:\/\/dataeraser.es\/blog\/5-consejos-para-ser-una-empresa-responsable-con-el-medio-ambiente\/\" target=\"_blank\"><strong>5 consejos para ser una empresa responsable con el medio ambiente<\/strong><\/a><\/p>\n<\/blockquote>\n<h2><span style=\"color: #6d2e4c;\">Tipos de alcances del sello de huella de carbono en Espa\u00f1a<\/span><\/h2>\n<p><img loading=\"lazy\" decoding=\"async\" class=\"aligncenter size-full wp-image-2864\" title=\"Registro Huella de Carbono Ministerio Transici\u00f3n Ecol\u00f3gica\" src=\"https:\/\/dataeraser.es\/blog\/wp-content\/uploads\/2020\/03\/2018_C.jpg\" alt=\"Registro Huella de Carbono Ministerio Transici\u00f3n Ecol\u00f3gica\" width=\"225\" height=\"320\" srcset=\"https:\/\/dataeraser.es\/blog\/wp-content\/uploads\/2020\/03\/2018_C.jpg 225w, https:\/\/dataeraser.es\/blog\/wp-content\/uploads\/2020\/03\/2018_C-210x300.jpg 210w\" sizes=\"auto, (max-width: 225px) 100vw, 225px\" \/><\/p>\n<p>Bajo el lema de \u00abCalcular, reducir y compensar\u00bb, el <strong>certificado identifica 3 niveles de participaci\u00f3n<\/strong> por parte de la empresa en el registro:<\/p>\n<ol>\n<li><strong>C\u00e1lculo de las emisiones<\/strong><\/li>\n<li><strong>Constataci\u00f3n de la reducci\u00f3n de los GEI<\/strong><\/li>\n<li><strong>Compensaci\u00f3n de las emisiones de CO2<\/strong><\/li>\n<\/ol>\n<p>Para acceder al registro del Ministerio es necesario identificar una serie de elementos para catalogar la empresa dentro de los alcances previstos por las normas regulatorias.<\/p>\n<p><strong>Es necesario establecer qu\u00e9 tipo de emisiones se derivan de la actividad empresarial<\/strong>, es decir, si son directas o indirectas, y catalogarlas seg\u00fan su alcance.<\/p>\n<h3>En funci\u00f3n de su naturaleza, el Registro de Huella de Carbono prev\u00e9 3 tipos de alcance:<\/h3>\n<p><img loading=\"lazy\" decoding=\"async\" class=\"aligncenter size-full wp-image-2859\" title=\"registro-huella-carbono-niveles\" src=\"https:\/\/dataeraser.es\/blog\/wp-content\/uploads\/2020\/03\/registro-huella-carbono-niveles.jpg\" alt=\"registro-huella-carbono-niveles\" width=\"571\" height=\"279\" srcset=\"https:\/\/dataeraser.es\/blog\/wp-content\/uploads\/2020\/03\/registro-huella-carbono-niveles.jpg 571w, https:\/\/dataeraser.es\/blog\/wp-content\/uploads\/2020\/03\/registro-huella-carbono-niveles-300x146.jpg 300w\" sizes=\"auto, (max-width: 571px) 100vw, 571px\" \/><\/p>\n<h2><span style=\"color: #6d2e4c;\">Beneficios del sello de la huella de carbono para las empresas espa\u00f1olas<\/span><\/h2>\n<p>Formar parte del Registro e involucrarse en la lucha contra el cambio clim\u00e1tico tiene efectos positivos no solo en el medio ambiente sino tambi\u00e9n en la concienciaci\u00f3n, funcionamiento y proyecci\u00f3n de las empresas.<\/p>\n<h3>5 beneficios que obtendr\u00e1 tu empresa con el sello de la huella de carbono<\/h3>\n<h4>1- Concienciaci\u00f3n<\/h4>\n<p>Ayuda a ser conscientes del problema de los gases de efecto invernadero y reducir sus emisiones.<\/p>\n<h4>2- Identificar oportunidades<\/h4>\n<p>Reconocer potenciales reducciones de consumos, costes y otro tipo de emisiones.<\/p>\n<h4>3- Informaci\u00f3n<\/h4>\n<p>Conocer al detalle las emisiones brinda una informaci\u00f3n de gran utilidad para el funcionamiento interno de la empresa y contribuye a dar respuesta a la creciente demanda de informaci\u00f3n de la sociedad.<\/p>\n<h4>4- Valor estrat\u00e9gico<\/h4>\n<p>Otorgar a la gesti\u00f3n de las emisiones de CO2 un valor estrat\u00e9gico dentro de la empresa u organizaci\u00f3n.<\/p>\n<h4>5- Imagen<\/h4>\n<p>Contribuye a mejorar la imagen de la empresa, demostrando estar alineada con los grandes retos y desaf\u00edos de la sociedad.<\/p>\n<blockquote>\n<p style=\"text-align: right;\"><strong>Te interesa:\u00a0<\/strong><\/p>\n<p style=\"text-align: right;\"><a title=\"3R del reciclaje\" href=\"https:\/\/dataeraser.es\/blog\/las-3r-del-reciclaje-por-que-reducir-reutilizar-y-reciclar-salva-el-planeta\/\" target=\"_blank\"><strong>Las 3R del reciclaje: \u00bfpor qu\u00e9 reducir, reutilizar y reciclar salva el planeta?<\/strong><\/a><\/p>\n<\/blockquote>\n<h2><span style=\"color: #6d2e4c;\">\u00bfSabes cu\u00e1les son los principales gases de efecto invernadero?<\/span><\/h2>\n<p>Te hemos hablado de la lucha contra el cambio clim\u00e1tico, la influencia de los gases de efecto invernadero y el valor ambiental, social y estrat\u00e9gico de la huella de carbono.<\/p>\n<p>Pero\u2026 \u00bfsabes realmente cu\u00e1les son los GEI?<\/p>\n<p>Los gases de efecto invernadero m\u00e1s importantes y con una mayor incidencia en el calentamiento global son 5.<\/p>\n<h3>1- Di\u00f3xido de carbono: CO2<\/h3>\n<p>El m\u00e1s determinante de todos los GEI y el <strong>responsable directo del 53% del calentamiento global<\/strong>, proviene principalmente del uso de combustibles y est\u00e1 relacionado con la deforestaci\u00f3n.<\/p>\n<p>El 80% de estas emisiones duran aproximadamente 200 a\u00f1os, y el 20% est\u00e1 presente en la atm\u00f3sfera durante miles de a\u00f1os (30.000).<\/p>\n<h3>2- Metano<\/h3>\n<p>Su incidencia en el calentamiento de la atmosfera es de un 15%. Generado en sectores como la ganader\u00eda, agricultura y distribuci\u00f3n de gases, su permanencia en la atm\u00f3sfera es de 12 a\u00f1os.<\/p>\n<h3>3- Compuestos halogenados<\/h3>\n<p>Los compuestos halogenados como CFCs, HCFCs, HFCs, PFCs, SF6 y NF3 emitidos futo de la producci\u00f3n qu\u00edmica para diferentes sectores es el responsable del 11% del calentamiento global de la tierra.<\/p>\n<h3>4- Ozono toposf\u00e9rico<\/h3>\n<p>Un potente oxidante que produce efectos adversos en la salud humana y el medio ambiente tiene una incidencia del 10%.<\/p>\n<p>Es fruto de la reacci\u00f3n entre el mon\u00f3xido de carbono, di\u00f3xido de nitr\u00f3geno y COV (compuestos org\u00e1nicos vol\u00e1tiles). Estos elementos se emiten durante la quema de combustible.<\/p>\n<p>Su permanencia en la atmosfera es relativamente corta, unos pocos meses.<\/p>\n<h3>5- Di\u00f3xido de nitroso<\/h3>\n<p>Procedente del uso de fertilizantes, el uso de combustibles, la producci\u00f3n qu\u00edmica o el tratamiento de aguas residuales. Su permanencia en la atm\u00f3sfera es muy alta, ya que alcanza los 114 a\u00f1os.<\/p>\n<h3>Conclusi\u00f3n<\/h3>\n<p>La batalla contra el cambio clim\u00e1tico se gana d\u00eda a d\u00eda y acci\u00f3n tras acci\u00f3n. Es importante que cada uno como individuo o como empresa aporte su grano de arena a mejorar el mundo en el que vivimos y dejaremos a nuestros hijos.<\/p>\n<p>En Dataeraser estamos muy orgullosos de conseguir el <strong><em>sello de huella de carbono<\/em> otorgado por el Ministerio para la Transici\u00f3n Ecol\u00f3gica<\/strong>, seguir trabajando en mejorar el mundo y certificar nuestro compromiso con el medio ambiente.<\/p>\n","protected":false},"excerpt":{"rendered":"<p>El calentamiento global del planeta tiene y tendr\u00e1 una incidencia vital en nuestras vidas y en la manera de entender e interactuar con el mundo. Por ello es vital la concienciaci\u00f3n. Una tarea vertical que debe desempe\u00f1arse desde las entidades supranacionales, estados, empresas y organizaciones hasta llegar a cada rinc\u00f3n de los hogares.<\/p>\n","protected":false},"author":1,"featured_media":0,"comment_status":"open","ping_status":"open","sticky":false,"template":"","format":"standard","meta":{"footnotes":""},"categories":[61,47],"tags":[],"class_list":["post-2858","post","type-post","status-publish","format-standard","hentry","category-gestion-de-residuos","category-recogida-destruccion-documentos"],"_links":{"self":[{"href":"https:\/\/dataeraser.es\/blog\/wp-json\/wp\/v2\/posts\/2858","targetHints":{"allow":["GET"]}}],"collection":[{"href":"https:\/\/dataeraser.es\/blog\/wp-json\/wp\/v2\/posts"}],"about":[{"href":"https:\/\/dataeraser.es\/blog\/wp-json\/wp\/v2\/types\/post"}],"author":[{"embeddable":true,"href":"https:\/\/dataeraser.es\/blog\/wp-json\/wp\/v2\/users\/1"}],"replies":[{"embeddable":true,"href":"https:\/\/dataeraser.es\/blog\/wp-json\/wp\/v2\/comments?post=2858"}],"version-history":[{"count":11,"href":"https:\/\/dataeraser.es\/blog\/wp-json\/wp\/v2\/posts\/2858\/revisions"}],"predecessor-version":[{"id":2873,"href":"https:\/\/dataeraser.es\/blog\/wp-json\/wp\/v2\/posts\/2858\/revisions\/2873"}],"wp:attachment":[{"href":"https:\/\/dataeraser.es\/blog\/wp-json\/wp\/v2\/media?parent=2858"}],"wp:term":[{"taxonomy":"category","embeddable":true,"href":"https:\/\/dataeraser.es\/blog\/wp-json\/wp\/v2\/categories?post=2858"},{"taxonomy":"post_tag","embeddable":true,"href":"https:\/\/dataeraser.es\/blog\/wp-json\/wp\/v2\/tags?post=2858"}],"curies":[{"name":"wp","href":"https:\/\/api.w.org\/{rel}","templated":true}]}}